{"id":7166,"date":"2025-12-18T15:06:00","date_gmt":"2025-12-18T19:06:00","guid":{"rendered":"https:\/\/www.maska.ca\/?p=7166"},"modified":"2026-01-12T15:05:00","modified_gmt":"2026-01-12T19:05:00","slug":"appointment-antoine-lamothe-commercial-director-maska","status":"publish","type":"post","link":"https:\/\/www.maska.ca\/en\/appointment-antoine-lamothe-commercial-director-maska\/","title":{"rendered":"Appointment of Antoine Lamothe | Commercial Director at MASKA"},"content":{"rendered":"\n<p>MASKA is proud to announce the appointment of <strong>Antoine Lamothe<\/strong> as <strong>Commercial Director<\/strong> for its <strong>Kenworth MASKA La Pr\u00e9sentation<\/strong> dealership. In his new role, Antoine will oversee a strategic portion of the South Shore territory.<\/p>\n\n\n\n<p>With more than five years of experience in the banking sector, Antoine brings strong expertise in financial analysis, client advisory services, and tailored solution management. His professional background has enabled him to develop a high level of rigor, combined with a human-centered approach focused on creating sustainable value.<\/p>\n\n\n\n<p>Young, dynamic, and strongly solution-oriented, Antoine places collaboration and customer satisfaction at the heart of his priorities. He stands out for his natural ability to turn challenges into concrete opportunities, while maintaining a high level of commitment to his team and business partners.<\/p>\n\n\n\n<p>Driven by determination and a constant desire to excel, Antoine fully embodies the values that define MASKA: excellence, teamwork, and a strong service culture. His appointment reflects MASKA\u2019s ongoing commitment to delivering a high level of support to its customers while investing in engaged leaders focused on the future.<\/p>\n\n\n\n<p>We are confident that Antoine will play an active role in strengthening MASKA\u2019s presence on the South Shore and wish him every success in his new position.<\/p>\n","protected":false},"excerpt":{"rendered":"<p>MASKA is proud to announce the appointment of Antoine Lamothe as Commercial Director for its Kenworth MASKA La Pr\u00e9sentation dealership. [&hellip;]<\/p>\n","protected":false},"author":2,"featured_media":7635,"comment_status":"closed","ping_status":"closed","sticky":false,"template":"","format":"standard","meta":{"_acf_changed":false,"site-sidebar-layout":"default","site-content-layout":"","ast-site-content-layout":"default","site-content-style":"default","site-sidebar-style":"default","ast-global-header-display":"","ast-banner-title-visibility":"","ast-main-header-display":"","ast-hfb-above-header-display":"","ast-hfb-below-header-display":"","ast-hfb-mobile-header-display":"","site-post-title":"","ast-breadcrumbs-content":"","ast-featured-img":"","footer-sml-layout":"","ast-disable-related-posts":"","theme-transparent-header-meta":"","adv-header-id-meta":"","stick-header-meta":"","header-above-stick-meta":"","header-main-stick-meta":"","header-below-stick-meta":"","astra-migrate-meta-layouts":"default","ast-page-background-enabled":"default","ast-page-background-meta":{"desktop":{"background-color":"var(--ast-global-color-5)","background-image":"","background-repeat":"repeat","background-position":"center center","background-size":"auto","background-attachment":"scroll","background-type":"","background-media":"","overlay-type":"","overlay-color":"","overlay-opacity":"","overlay-gradient":""},"tablet":{"background-color":"","background-image":"","background-repeat":"repeat","background-position":"center center","background-size":"auto","background-attachment":"scroll","background-type":"","background-media":"","overlay-type":"","overlay-color":"","overlay-opacity":"","overlay-gradient":""},"mobile":{"background-color":"","background-image":"","background-repeat":"repeat","background-position":"center center","background-size":"auto","background-attachment":"scroll","background-type":"","background-media":"","overlay-type":"","overlay-color":"","overlay-opacity":"","overlay-gradient":""}},"ast-content-background-meta":{"desktop":{"background-color":"var(--ast-global-color-4)","background-image":"","background-repeat":"repeat","background-position":"center center","background-size":"auto","background-attachment":"scroll","background-type":"","background-media":"","overlay-type":"","overlay-color":"","overlay-opacity":"","overlay-gradient":""},"tablet":{"background-color":"var(--ast-global-color-4)","background-image":"","background-repeat":"repeat","background-position":"center center","background-size":"auto","background-attachment":"scroll","background-type":"","background-media":"","overlay-type":"","overlay-color":"","overlay-opacity":"","overlay-gradient":""},"mobile":{"background-color":"var(--ast-global-color-4)","background-image":"","background-repeat":"repeat","background-position":"center center","background-size":"auto","background-attachment":"scroll","background-type":"","background-media":"","overlay-type":"","overlay-color":"","overlay-opacity":"","overlay-gradient":""}},"footnotes":""},"categories":[1],"tags":[],"type_post":[149],"sujet_post":[],"class_list":["post-7166","post","type-post","status-publish","format-standard","has-post-thumbnail","hentry","category-non-categorise","type_post-news"],"acf":[],"yoast_head":"<!-- This site is optimized with the Yoast SEO plugin v27.2 - https:\/\/yoast.com\/product\/yoast-seo-wordpress\/ -->\n<title>Appointment of Antoine Lamothe | Commercial Director at MASKA<\/title>\n<meta name=\"description\" content=\"MASKA announces the appointment of Antoine Lamothe as Commercial Director in La Pr\u00e9sentation, supporting growth and client-focused solutions on the South Shore.\" \/>\n<meta name=\"robots\" content=\"index, follow, max-snippet:-1, max-image-preview:large, max-video-preview:-1\" \/>\n<link rel=\"canonical\" href=\"https:\/\/www.maska.ca\/en\/appointment-antoine-lamothe-commercial-director-maska\/\" \/>\n<meta property=\"og:locale\" content=\"en_US\" \/>\n<meta property=\"og:type\" content=\"article\" \/>\n<meta property=\"og:title\" content=\"Appointment of Antoine Lamothe | Commercial Director at MASKA\" \/>\n<meta property=\"og:description\" content=\"MASKA announces the appointment of Antoine Lamothe as Commercial Director in La Pr\u00e9sentation, supporting growth and client-focused solutions on the South Shore.\" \/>\n<meta property=\"og:url\" content=\"https:\/\/www.maska.ca\/en\/appointment-antoine-lamothe-commercial-director-maska\/\" \/>\n<meta property=\"og:site_name\" content=\"Maska\" \/>\n<meta property=\"article:published_time\" content=\"2025-12-18T19:06:00+00:00\" \/>\n<meta property=\"article:modified_time\" content=\"2026-01-12T19:05:00+00:00\" \/>\n<meta property=\"og:image\" content=\"https:\/\/www.maska.ca\/wp-content\/uploads\/2025\/12\/Nomination_AntoineLamothe_SiteWeb-Article-blogue.jpg\" \/>\n\t<meta property=\"og:image:width\" content=\"600\" \/>\n\t<meta property=\"og:image:height\" content=\"600\" \/>\n\t<meta property=\"og:image:type\" content=\"image\/jpeg\" \/>\n<meta name=\"author\" content=\"caroline.plante@maska.ca\" \/>\n<meta name=\"twitter:card\" content=\"summary_large_image\" \/>\n<meta name=\"twitter:label1\" content=\"Written by\" \/>\n\t<meta name=\"twitter:data1\" content=\"caroline.plante@maska.ca\" \/>\n\t<meta name=\"twitter:label2\" content=\"Est. reading time\" \/>\n\t<meta name=\"twitter:data2\" content=\"2 minutes\" \/>\n<script type=\"application\/ld+json\" class=\"yoast-schema-graph\">{\"@context\":\"https:\/\/schema.org\",\"@graph\":[{\"@type\":\"Article\",\"@id\":\"https:\/\/www.maska.ca\/en\/appointment-antoine-lamothe-commercial-director-maska\/#article\",\"isPartOf\":{\"@id\":\"https:\/\/www.maska.ca\/en\/appointment-antoine-lamothe-commercial-director-maska\/\"},\"author\":{\"name\":\"caroline.plante@maska.ca\",\"@id\":\"https:\/\/maska.tempurl.host\/#\/schema\/person\/1873e112b5940954bc45683160bb23d5\"},\"headline\":\"Appointment of Antoine Lamothe | Commercial Director at MASKA\",\"datePublished\":\"2025-12-18T19:06:00+00:00\",\"dateModified\":\"2026-01-12T19:05:00+00:00\",\"mainEntityOfPage\":{\"@id\":\"https:\/\/www.maska.ca\/en\/appointment-antoine-lamothe-commercial-director-maska\/\"},\"wordCount\":213,\"publisher\":{\"@id\":\"https:\/\/maska.tempurl.host\/#organization\"},\"image\":{\"@id\":\"https:\/\/www.maska.ca\/en\/appointment-antoine-lamothe-commercial-director-maska\/#primaryimage\"},\"thumbnailUrl\":\"https:\/\/www.maska.ca\/wp-content\/uploads\/2025\/12\/Nomination_AntoineLamothe_SiteWeb-Article-blogue.jpg\",\"articleSection\":[\"Non cat\u00e9goris\u00e9\"],\"inLanguage\":\"en-US\"},{\"@type\":\"WebPage\",\"@id\":\"https:\/\/www.maska.ca\/en\/appointment-antoine-lamothe-commercial-director-maska\/\",\"url\":\"https:\/\/www.maska.ca\/en\/appointment-antoine-lamothe-commercial-director-maska\/\",\"name\":\"Appointment of Antoine Lamothe | Commercial Director at MASKA\",\"isPartOf\":{\"@id\":\"https:\/\/maska.tempurl.host\/#website\"},\"primaryImageOfPage\":{\"@id\":\"https:\/\/www.maska.ca\/en\/appointment-antoine-lamothe-commercial-director-maska\/#primaryimage\"},\"image\":{\"@id\":\"https:\/\/www.maska.ca\/en\/appointment-antoine-lamothe-commercial-director-maska\/#primaryimage\"},\"thumbnailUrl\":\"https:\/\/www.maska.ca\/wp-content\/uploads\/2025\/12\/Nomination_AntoineLamothe_SiteWeb-Article-blogue.jpg\",\"datePublished\":\"2025-12-18T19:06:00+00:00\",\"dateModified\":\"2026-01-12T19:05:00+00:00\",\"description\":\"MASKA announces the appointment of Antoine Lamothe as Commercial Director in La Pr\u00e9sentation, supporting growth and client-focused solutions on the South Shore.\",\"breadcrumb\":{\"@id\":\"https:\/\/www.maska.ca\/en\/appointment-antoine-lamothe-commercial-director-maska\/#breadcrumb\"},\"inLanguage\":\"en-US\",\"potentialAction\":[{\"@type\":\"ReadAction\",\"target\":[\"https:\/\/www.maska.ca\/en\/appointment-antoine-lamothe-commercial-director-maska\/\"]}]},{\"@type\":\"ImageObject\",\"inLanguage\":\"en-US\",\"@id\":\"https:\/\/www.maska.ca\/en\/appointment-antoine-lamothe-commercial-director-maska\/#primaryimage\",\"url\":\"https:\/\/www.maska.ca\/wp-content\/uploads\/2025\/12\/Nomination_AntoineLamothe_SiteWeb-Article-blogue.jpg\",\"contentUrl\":\"https:\/\/www.maska.ca\/wp-content\/uploads\/2025\/12\/Nomination_AntoineLamothe_SiteWeb-Article-blogue.jpg\",\"width\":600,\"height\":600,\"caption\":\"Homme portant un chandail noir MASKA, devant un d\u00e9cor a\u00e9rien de route sinueuse traversant une for\u00eat.\"},{\"@type\":\"BreadcrumbList\",\"@id\":\"https:\/\/www.maska.ca\/en\/appointment-antoine-lamothe-commercial-director-maska\/#breadcrumb\",\"itemListElement\":[{\"@type\":\"ListItem\",\"position\":1,\"name\":\"Home\",\"item\":\"https:\/\/www.maska.ca\/en\/\"},{\"@type\":\"ListItem\",\"position\":2,\"name\":\"Appointment of Antoine Lamothe | Commercial Director at MASKA\"}]},{\"@type\":\"WebSite\",\"@id\":\"https:\/\/maska.tempurl.host\/#website\",\"url\":\"https:\/\/maska.tempurl.host\/\",\"name\":\"Maska\",\"description\":\"\",\"publisher\":{\"@id\":\"https:\/\/maska.tempurl.host\/#organization\"},\"potentialAction\":[{\"@type\":\"SearchAction\",\"target\":{\"@type\":\"EntryPoint\",\"urlTemplate\":\"https:\/\/maska.tempurl.host\/?s={search_term_string}\"},\"query-input\":{\"@type\":\"PropertyValueSpecification\",\"valueRequired\":true,\"valueName\":\"search_term_string\"}}],\"inLanguage\":\"en-US\"},{\"@type\":\"Organization\",\"@id\":\"https:\/\/maska.tempurl.host\/#organization\",\"name\":\"Maska\",\"url\":\"https:\/\/maska.tempurl.host\/\",\"logo\":{\"@type\":\"ImageObject\",\"inLanguage\":\"en-US\",\"@id\":\"https:\/\/maska.tempurl.host\/#\/schema\/logo\/image\/\",\"url\":\"https:\/\/www.maska.ca\/wp-content\/uploads\/2025\/12\/image_partage_maska.png\",\"contentUrl\":\"https:\/\/www.maska.ca\/wp-content\/uploads\/2025\/12\/image_partage_maska.png\",\"width\":1200,\"height\":628,\"caption\":\"Maska\"},\"image\":{\"@id\":\"https:\/\/maska.tempurl.host\/#\/schema\/logo\/image\/\"}},{\"@type\":\"Person\",\"@id\":\"https:\/\/maska.tempurl.host\/#\/schema\/person\/1873e112b5940954bc45683160bb23d5\",\"name\":\"caroline.plante@maska.ca\",\"image\":{\"@type\":\"ImageObject\",\"inLanguage\":\"en-US\",\"@id\":\"https:\/\/secure.gravatar.com\/avatar\/453fa7431bdd6a2ce0c08730020d06cf0b6a2f94e118825e1e2a2a581ff8a404?s=96&d=mm&r=g\",\"url\":\"https:\/\/secure.gravatar.com\/avatar\/453fa7431bdd6a2ce0c08730020d06cf0b6a2f94e118825e1e2a2a581ff8a404?s=96&d=mm&r=g\",\"contentUrl\":\"https:\/\/secure.gravatar.com\/avatar\/453fa7431bdd6a2ce0c08730020d06cf0b6a2f94e118825e1e2a2a581ff8a404?s=96&d=mm&r=g\",\"caption\":\"caroline.plante@maska.ca\"}}]}<\/script>\n<!-- \/ Yoast SEO plugin. -->","yoast_head_json":{"title":"Appointment of Antoine Lamothe | Commercial Director at MASKA","description":"MASKA announces the appointment of Antoine Lamothe as Commercial Director in La Pr\u00e9sentation, supporting growth and client-focused solutions on the South Shore.","robots":{"index":"index","follow":"follow","max-snippet":"max-snippet:-1","max-image-preview":"max-image-preview:large","max-video-preview":"max-video-preview:-1"},"canonical":"https:\/\/www.maska.ca\/en\/appointment-antoine-lamothe-commercial-director-maska\/","og_locale":"en_US","og_type":"article","og_title":"Appointment of Antoine Lamothe | Commercial Director at MASKA","og_description":"MASKA announces the appointment of Antoine Lamothe as Commercial Director in La Pr\u00e9sentation, supporting growth and client-focused solutions on the South Shore.","og_url":"https:\/\/www.maska.ca\/en\/appointment-antoine-lamothe-commercial-director-maska\/","og_site_name":"Maska","article_published_time":"2025-12-18T19:06:00+00:00","article_modified_time":"2026-01-12T19:05:00+00:00","og_image":[{"width":600,"height":600,"url":"https:\/\/www.maska.ca\/wp-content\/uploads\/2025\/12\/Nomination_AntoineLamothe_SiteWeb-Article-blogue.jpg","type":"image\/jpeg"}],"author":"caroline.plante@maska.ca","twitter_card":"summary_large_image","twitter_misc":{"Written by":"caroline.plante@maska.ca","Est. reading time":"2 minutes"},"schema":{"@context":"https:\/\/schema.org","@graph":[{"@type":"Article","@id":"https:\/\/www.maska.ca\/en\/appointment-antoine-lamothe-commercial-director-maska\/#article","isPartOf":{"@id":"https:\/\/www.maska.ca\/en\/appointment-antoine-lamothe-commercial-director-maska\/"},"author":{"name":"caroline.plante@maska.ca","@id":"https:\/\/maska.tempurl.host\/#\/schema\/person\/1873e112b5940954bc45683160bb23d5"},"headline":"Appointment of Antoine Lamothe | Commercial Director at MASKA","datePublished":"2025-12-18T19:06:00+00:00","dateModified":"2026-01-12T19:05:00+00:00","mainEntityOfPage":{"@id":"https:\/\/www.maska.ca\/en\/appointment-antoine-lamothe-commercial-director-maska\/"},"wordCount":213,"publisher":{"@id":"https:\/\/maska.tempurl.host\/#organization"},"image":{"@id":"https:\/\/www.maska.ca\/en\/appointment-antoine-lamothe-commercial-director-maska\/#primaryimage"},"thumbnailUrl":"https:\/\/www.maska.ca\/wp-content\/uploads\/2025\/12\/Nomination_AntoineLamothe_SiteWeb-Article-blogue.jpg","articleSection":["Non cat\u00e9goris\u00e9"],"inLanguage":"en-US"},{"@type":"WebPage","@id":"https:\/\/www.maska.ca\/en\/appointment-antoine-lamothe-commercial-director-maska\/","url":"https:\/\/www.maska.ca\/en\/appointment-antoine-lamothe-commercial-director-maska\/","name":"Appointment of Antoine Lamothe | Commercial Director at MASKA","isPartOf":{"@id":"https:\/\/maska.tempurl.host\/#website"},"primaryImageOfPage":{"@id":"https:\/\/www.maska.ca\/en\/appointment-antoine-lamothe-commercial-director-maska\/#primaryimage"},"image":{"@id":"https:\/\/www.maska.ca\/en\/appointment-antoine-lamothe-commercial-director-maska\/#primaryimage"},"thumbnailUrl":"https:\/\/www.maska.ca\/wp-content\/uploads\/2025\/12\/Nomination_AntoineLamothe_SiteWeb-Article-blogue.jpg","datePublished":"2025-12-18T19:06:00+00:00","dateModified":"2026-01-12T19:05:00+00:00","description":"MASKA announces the appointment of Antoine Lamothe as Commercial Director in La Pr\u00e9sentation, supporting growth and client-focused solutions on the South Shore.","breadcrumb":{"@id":"https:\/\/www.maska.ca\/en\/appointment-antoine-lamothe-commercial-director-maska\/#breadcrumb"},"inLanguage":"en-US","potentialAction":[{"@type":"ReadAction","target":["https:\/\/www.maska.ca\/en\/appointment-antoine-lamothe-commercial-director-maska\/"]}]},{"@type":"ImageObject","inLanguage":"en-US","@id":"https:\/\/www.maska.ca\/en\/appointment-antoine-lamothe-commercial-director-maska\/#primaryimage","url":"https:\/\/www.maska.ca\/wp-content\/uploads\/2025\/12\/Nomination_AntoineLamothe_SiteWeb-Article-blogue.jpg","contentUrl":"https:\/\/www.maska.ca\/wp-content\/uploads\/2025\/12\/Nomination_AntoineLamothe_SiteWeb-Article-blogue.jpg","width":600,"height":600,"caption":"Homme portant un chandail noir MASKA, devant un d\u00e9cor a\u00e9rien de route sinueuse traversant une for\u00eat."},{"@type":"BreadcrumbList","@id":"https:\/\/www.maska.ca\/en\/appointment-antoine-lamothe-commercial-director-maska\/#breadcrumb","itemListElement":[{"@type":"ListItem","position":1,"name":"Home","item":"https:\/\/www.maska.ca\/en\/"},{"@type":"ListItem","position":2,"name":"Appointment of Antoine Lamothe | Commercial Director at MASKA"}]},{"@type":"WebSite","@id":"https:\/\/maska.tempurl.host\/#website","url":"https:\/\/maska.tempurl.host\/","name":"Maska","description":"","publisher":{"@id":"https:\/\/maska.tempurl.host\/#organization"},"potentialAction":[{"@type":"SearchAction","target":{"@type":"EntryPoint","urlTemplate":"https:\/\/maska.tempurl.host\/?s={search_term_string}"},"query-input":{"@type":"PropertyValueSpecification","valueRequired":true,"valueName":"search_term_string"}}],"inLanguage":"en-US"},{"@type":"Organization","@id":"https:\/\/maska.tempurl.host\/#organization","name":"Maska","url":"https:\/\/maska.tempurl.host\/","logo":{"@type":"ImageObject","inLanguage":"en-US","@id":"https:\/\/maska.tempurl.host\/#\/schema\/logo\/image\/","url":"https:\/\/www.maska.ca\/wp-content\/uploads\/2025\/12\/image_partage_maska.png","contentUrl":"https:\/\/www.maska.ca\/wp-content\/uploads\/2025\/12\/image_partage_maska.png","width":1200,"height":628,"caption":"Maska"},"image":{"@id":"https:\/\/maska.tempurl.host\/#\/schema\/logo\/image\/"}},{"@type":"Person","@id":"https:\/\/maska.tempurl.host\/#\/schema\/person\/1873e112b5940954bc45683160bb23d5","name":"caroline.plante@maska.ca","image":{"@type":"ImageObject","inLanguage":"en-US","@id":"https:\/\/secure.gravatar.com\/avatar\/453fa7431bdd6a2ce0c08730020d06cf0b6a2f94e118825e1e2a2a581ff8a404?s=96&d=mm&r=g","url":"https:\/\/secure.gravatar.com\/avatar\/453fa7431bdd6a2ce0c08730020d06cf0b6a2f94e118825e1e2a2a581ff8a404?s=96&d=mm&r=g","contentUrl":"https:\/\/secure.gravatar.com\/avatar\/453fa7431bdd6a2ce0c08730020d06cf0b6a2f94e118825e1e2a2a581ff8a404?s=96&d=mm&r=g","caption":"caroline.plante@maska.ca"}}]}},"_links":{"self":[{"href":"https:\/\/www.maska.ca\/en\/wp-json\/wp\/v2\/posts\/7166","targetHints":{"allow":["GET"]}}],"collection":[{"href":"https:\/\/www.maska.ca\/en\/wp-json\/wp\/v2\/posts"}],"about":[{"href":"https:\/\/www.maska.ca\/en\/wp-json\/wp\/v2\/types\/post"}],"author":[{"embeddable":true,"href":"https:\/\/www.maska.ca\/en\/wp-json\/wp\/v2\/users\/2"}],"replies":[{"embeddable":true,"href":"https:\/\/www.maska.ca\/en\/wp-json\/wp\/v2\/comments?post=7166"}],"version-history":[{"count":0,"href":"https:\/\/www.maska.ca\/en\/wp-json\/wp\/v2\/posts\/7166\/revisions"}],"wp:featuredmedia":[{"embeddable":true,"href":"https:\/\/www.maska.ca\/en\/wp-json\/wp\/v2\/media\/7635"}],"wp:attachment":[{"href":"https:\/\/www.maska.ca\/en\/wp-json\/wp\/v2\/media?parent=7166"}],"wp:term":[{"taxonomy":"category","embeddable":true,"href":"https:\/\/www.maska.ca\/en\/wp-json\/wp\/v2\/categories?post=7166"},{"taxonomy":"post_tag","embeddable":true,"href":"https:\/\/www.maska.ca\/en\/wp-json\/wp\/v2\/tags?post=7166"},{"taxonomy":"type_post","embeddable":true,"href":"https:\/\/www.maska.ca\/en\/wp-json\/wp\/v2\/type_post?post=7166"},{"taxonomy":"sujet_post","embeddable":true,"href":"https:\/\/www.maska.ca\/en\/wp-json\/wp\/v2\/sujet_post?post=7166"}],"curies":[{"name":"wp","href":"https:\/\/api.w.org\/{rel}","templated":true}]}}