{"id":7647,"date":"2025-10-23T15:10:00","date_gmt":"2025-10-23T19:10:00","guid":{"rendered":"https:\/\/www.maska.ca\/?p=7647"},"modified":"2026-01-26T18:05:18","modified_gmt":"2026-01-26T22:05:18","slug":"maska-opens-a-new-trp-branch-in-drummondville","status":"publish","type":"post","link":"https:\/\/www.maska.ca\/en\/maska-opens-a-new-trp-branch-in-drummondville\/","title":{"rendered":"MASKA officialy inaugurates its 12\u1d57\u02b0 branch in Central Quebec"},"content":{"rendered":"\n<p>MASKA celebrated the grand opening of its brand-new TRP MASKA branch, its 12\u1d57\u02b0 location in Quebec, in a festive and welcoming atmosphere. The event brought together nearly a hundred guests and served as an opportunity to highlight the company\u2019s growth, thank the teams who made this project possible, and emphasize the strategic importance of this new location in the heart of Central Quebec.<\/p>\n\n\n\n<h3 class=\"wp-block-heading\">MEANINGFUL GROWTH<\/h3>\n\n\n\n<p>This opening reflects a thoughtful and strategic expansion plan. Since 1954, MASKA has continued to redefine the road through strong decisions and a long-term vision rooted in service and proximity.<\/p>\n\n\n\n<p>Located at 233 des Menuisiers Street in Saint-Germain-de-Grantham, the new branch strengthens MASKA\u2019s presence in the region while offering a proximity-based service model tailored to the real needs of transportation professionals.<\/p>\n\n\n\n<h3 class=\"wp-block-heading\">TRP MASKA DRUMMONDVILLE AT A GLANCE<\/h3>\n\n\n\n<p>Guests had the chance to tour the modern new facilities and discover an environment built for performance:<\/p>\n\n\n\n<ul class=\"wp-block-list\">\n<li><strong>Surface area:<\/strong> 12,000 sq. ft.<\/li>\n\n\n\n<li><strong>Inventory:<\/strong> A large inventory of OEM and aftermarket parts, maintenance products, and accessories for trucks, trailers, and buses<\/li>\n\n\n\n<li><strong>Delivery:<\/strong> Twice daily across a 2,800 km\u00b2 territory, with 3 dedicated trucks<\/li>\n\n\n\n<li><strong>Daily shuttles:<\/strong> Between La Pr\u00e9sentation, Saint-Hyacinthe, and Saint-Germain-de-Grantham<\/li>\n\n\n\n<li><strong>Team:<\/strong> 7 passionate and dedicated employees<\/li>\n\n\n\n<li><strong>Hours:<\/strong> Monday to Friday, 7:30 a.m. to 5:00 p.m.<\/li>\n<\/ul>\n\n\n\n<h3 class=\"wp-block-heading\">A PASSIONATE TEAM DRIVING SUCCESS<\/h3>\n\n\n\n<p>MASKA\u2019s leadership team was on-site to welcome visitors: the three co-presidents, Nicolas, Samuel and S\u00e9bastien Letendre; Chairman of the Board, Pierre Letendre; as well as team members from every department.<\/p>\n\n\n\n<p>MASKA took the opportunity to warmly thank all internal teams for their outstanding work, professionalism, and unwavering commitment to this collective project.<\/p>\n\n\n\n<p>\u201cTRP MASKA Drummondville is, above all, a passionate team, close to its customers and proud to contribute to the economic strength of Central Quebec,\u201d said Samuel Letendre, Co-President.<\/p>\n\n\n\n<h3 class=\"wp-block-heading\">AN INAUGURATION TRUE TO MASKA\u2019S SPIRIT<\/h3>\n\n\n\n<p>The event, filled with warmth and energy, delighted guests with a festive atmosphere, attendance prizes, and several exclusive promotions.<\/p>\n\n\n\n<p>MASKA\u2019s team was proud to share this moment of celebration and recognition with clients, partners, and collaborators.<\/p>\n\n\n\n<p>MASKA extends its sincere thanks to all attendees for their participation and constant support, including Ms. Nathacha Tessier, Mayor of Saint-Germain-de-Grantham; Ms. St\u00e9phanie Lacoste, Mayor of Drummondville, accompanied by her political attach\u00e9 Michaella Marc; Ms. Maryse Fredette, Director of Commercial and Service Development at Drummond \u00e9conomique; Mr. Antoine Gigu\u00e8re, political attach\u00e9 for Mr. Andr\u00e9 Lamontagne, MNA for Johnson; as well as the Paul-Rousseau Vocational Training Center and regional media.<\/p>\n\n\n\n<p>MASKA also wishes to thank all employees who, through collaboration and teamwork, helped bring this ambitious project to life: building a new branch from A to Z. A special mention goes to Yanick Delisle, Patrick Duguay, and the Drummondville team, whose dedication and passion shaped every stage of this achievement.<\/p>\n\n\n\n<h3 class=\"wp-block-heading\">LOCAL SERVICE FOR CENTRAL QUEBEC<\/h3>\n\n\n\n<p>With this new branch, MASKA strengthens its geographic proximity to customers in Central Quebec. The goal: shorter lead times, a smoother customer experience, and faster product delivery \u2014 values that reflect MASKA\u2019s longstanding service culture.<\/p>\n\n\n\n<h3 class=\"wp-block-heading\">ABOUT MASKA<\/h3>\n\n\n\n<p>Founded in 1954, MASKA is a family-owned business that now employs more than 500 people across 12 locations throughout Quebec.<\/p>\n\n\n\n<p>Winner of the &#8220;Kenworth Dealer of the Year&#8221; award in 2018 and 2022, MASKA stands out for the quality of its equipment, exceptional service, and the passion of its team.<\/p>\n","protected":false},"excerpt":{"rendered":"<p>MASKA celebrated the grand opening of its brand-new TRP MASKA branch, its 12\u1d57\u02b0 location in Quebec, in a festive and [&hellip;]<\/p>\n","protected":false},"author":2,"featured_media":7173,"comment_status":"closed","ping_status":"closed","sticky":false,"template":"","format":"standard","meta":{"_acf_changed":false,"site-sidebar-layout":"default","site-content-layout":"","ast-site-content-layout":"default","site-content-style":"default","site-sidebar-style":"default","ast-global-header-display":"","ast-banner-title-visibility":"","ast-main-header-display":"","ast-hfb-above-header-display":"","ast-hfb-below-header-display":"","ast-hfb-mobile-header-display":"","site-post-title":"","ast-breadcrumbs-content":"","ast-featured-img":"","footer-sml-layout":"","ast-disable-related-posts":"","theme-transparent-header-meta":"","adv-header-id-meta":"","stick-header-meta":"","header-above-stick-meta":"","header-main-stick-meta":"","header-below-stick-meta":"","astra-migrate-meta-layouts":"default","ast-page-background-enabled":"default","ast-page-background-meta":{"desktop":{"background-color":"var(--ast-global-color-5)","background-image":"","background-repeat":"repeat","background-position":"center center","background-size":"auto","background-attachment":"scroll","background-type":"","background-media":"","overlay-type":"","overlay-color":"","overlay-opacity":"","overlay-gradient":""},"tablet":{"background-color":"","background-image":"","background-repeat":"repeat","background-position":"center center","background-size":"auto","background-attachment":"scroll","background-type":"","background-media":"","overlay-type":"","overlay-color":"","overlay-opacity":"","overlay-gradient":""},"mobile":{"background-color":"","background-image":"","background-repeat":"repeat","background-position":"center center","background-size":"auto","background-attachment":"scroll","background-type":"","background-media":"","overlay-type":"","overlay-color":"","overlay-opacity":"","overlay-gradient":""}},"ast-content-background-meta":{"desktop":{"background-color":"var(--ast-global-color-4)","background-image":"","background-repeat":"repeat","background-position":"center center","background-size":"auto","background-attachment":"scroll","background-type":"","background-media":"","overlay-type":"","overlay-color":"","overlay-opacity":"","overlay-gradient":""},"tablet":{"background-color":"var(--ast-global-color-4)","background-image":"","background-repeat":"repeat","background-position":"center center","background-size":"auto","background-attachment":"scroll","background-type":"","background-media":"","overlay-type":"","overlay-color":"","overlay-opacity":"","overlay-gradient":""},"mobile":{"background-color":"var(--ast-global-color-4)","background-image":"","background-repeat":"repeat","background-position":"center center","background-size":"auto","background-attachment":"scroll","background-type":"","background-media":"","overlay-type":"","overlay-color":"","overlay-opacity":"","overlay-gradient":""}},"footnotes":""},"categories":[1],"tags":[],"type_post":[149],"sujet_post":[158],"class_list":["post-7647","post","type-post","status-publish","format-standard","has-post-thumbnail","hentry","category-non-categorise","type_post-news","sujet_post-events"],"acf":[],"yoast_head":"<!-- This site is optimized with the Yoast SEO plugin v27.2 - https:\/\/yoast.com\/product\/yoast-seo-wordpress\/ -->\n<title>MASKA Opens a New TRP Branch in Central Quebec<\/title>\n<meta name=\"description\" content=\"MASKA unveils its new TRP branch in Saint-Germain-de-Grantham, enhancing service and proximity for customers across Central Quebec.\" \/>\n<meta name=\"robots\" content=\"index, follow, max-snippet:-1, max-image-preview:large, max-video-preview:-1\" \/>\n<link rel=\"canonical\" href=\"https:\/\/www.maska.ca\/en\/maska-opens-a-new-trp-branch-in-drummondville\/\" \/>\n<meta property=\"og:locale\" content=\"en_US\" \/>\n<meta property=\"og:type\" content=\"article\" \/>\n<meta property=\"og:title\" content=\"MASKA Opens a New TRP Branch in Central Quebec\" \/>\n<meta property=\"og:description\" content=\"MASKA unveils its new TRP branch in Saint-Germain-de-Grantham, enhancing service and proximity for customers across Central Quebec.\" \/>\n<meta property=\"og:url\" content=\"https:\/\/www.maska.ca\/en\/maska-opens-a-new-trp-branch-in-drummondville\/\" \/>\n<meta property=\"og:site_name\" content=\"Maska\" \/>\n<meta property=\"article:published_time\" content=\"2025-10-23T19:10:00+00:00\" \/>\n<meta property=\"article:modified_time\" content=\"2026-01-26T22:05:18+00:00\" \/>\n<meta property=\"og:image\" content=\"https:\/\/www.maska.ca\/wp-content\/uploads\/2025\/12\/TRP-Drummondville_Inauguration_PhotoEquipe-1024x683.jpg\" \/>\n\t<meta property=\"og:image:width\" content=\"1024\" \/>\n\t<meta property=\"og:image:height\" content=\"683\" \/>\n\t<meta property=\"og:image:type\" content=\"image\/jpeg\" \/>\n<meta name=\"author\" content=\"caroline.plante@maska.ca\" \/>\n<meta name=\"twitter:card\" content=\"summary_large_image\" \/>\n<meta name=\"twitter:label1\" content=\"Written by\" \/>\n\t<meta name=\"twitter:data1\" content=\"caroline.plante@maska.ca\" \/>\n\t<meta name=\"twitter:label2\" content=\"Est. reading time\" \/>\n\t<meta name=\"twitter:data2\" content=\"3 minutes\" \/>\n<script type=\"application\/ld+json\" class=\"yoast-schema-graph\">{\"@context\":\"https:\/\/schema.org\",\"@graph\":[{\"@type\":\"Article\",\"@id\":\"https:\/\/www.maska.ca\/en\/maska-opens-a-new-trp-branch-in-drummondville\/#article\",\"isPartOf\":{\"@id\":\"https:\/\/www.maska.ca\/en\/maska-opens-a-new-trp-branch-in-drummondville\/\"},\"author\":{\"name\":\"caroline.plante@maska.ca\",\"@id\":\"https:\/\/maska.tempurl.host\/#\/schema\/person\/1873e112b5940954bc45683160bb23d5\"},\"headline\":\"MASKA officialy inaugurates its 12\u1d57\u02b0 branch in Central Quebec\",\"datePublished\":\"2025-10-23T19:10:00+00:00\",\"dateModified\":\"2026-01-26T22:05:18+00:00\",\"mainEntityOfPage\":{\"@id\":\"https:\/\/www.maska.ca\/en\/maska-opens-a-new-trp-branch-in-drummondville\/\"},\"wordCount\":550,\"publisher\":{\"@id\":\"https:\/\/maska.tempurl.host\/#organization\"},\"image\":{\"@id\":\"https:\/\/www.maska.ca\/en\/maska-opens-a-new-trp-branch-in-drummondville\/#primaryimage\"},\"thumbnailUrl\":\"https:\/\/www.maska.ca\/wp-content\/uploads\/2025\/12\/TRP-Drummondville_Inauguration_PhotoEquipe.jpg\",\"articleSection\":[\"Non cat\u00e9goris\u00e9\"],\"inLanguage\":\"en-US\"},{\"@type\":\"WebPage\",\"@id\":\"https:\/\/www.maska.ca\/en\/maska-opens-a-new-trp-branch-in-drummondville\/\",\"url\":\"https:\/\/www.maska.ca\/en\/maska-opens-a-new-trp-branch-in-drummondville\/\",\"name\":\"MASKA Opens a New TRP Branch in Central Quebec\",\"isPartOf\":{\"@id\":\"https:\/\/maska.tempurl.host\/#website\"},\"primaryImageOfPage\":{\"@id\":\"https:\/\/www.maska.ca\/en\/maska-opens-a-new-trp-branch-in-drummondville\/#primaryimage\"},\"image\":{\"@id\":\"https:\/\/www.maska.ca\/en\/maska-opens-a-new-trp-branch-in-drummondville\/#primaryimage\"},\"thumbnailUrl\":\"https:\/\/www.maska.ca\/wp-content\/uploads\/2025\/12\/TRP-Drummondville_Inauguration_PhotoEquipe.jpg\",\"datePublished\":\"2025-10-23T19:10:00+00:00\",\"dateModified\":\"2026-01-26T22:05:18+00:00\",\"description\":\"MASKA unveils its new TRP branch in Saint-Germain-de-Grantham, enhancing service and proximity for customers across Central Quebec.\",\"breadcrumb\":{\"@id\":\"https:\/\/www.maska.ca\/en\/maska-opens-a-new-trp-branch-in-drummondville\/#breadcrumb\"},\"inLanguage\":\"en-US\",\"potentialAction\":[{\"@type\":\"ReadAction\",\"target\":[\"https:\/\/www.maska.ca\/en\/maska-opens-a-new-trp-branch-in-drummondville\/\"]}]},{\"@type\":\"ImageObject\",\"inLanguage\":\"en-US\",\"@id\":\"https:\/\/www.maska.ca\/en\/maska-opens-a-new-trp-branch-in-drummondville\/#primaryimage\",\"url\":\"https:\/\/www.maska.ca\/wp-content\/uploads\/2025\/12\/TRP-Drummondville_Inauguration_PhotoEquipe.jpg\",\"contentUrl\":\"https:\/\/www.maska.ca\/wp-content\/uploads\/2025\/12\/TRP-Drummondville_Inauguration_PhotoEquipe.jpg\",\"width\":9504,\"height\":6336,\"caption\":\"Photo \u00e9quipe Maska\"},{\"@type\":\"BreadcrumbList\",\"@id\":\"https:\/\/www.maska.ca\/en\/maska-opens-a-new-trp-branch-in-drummondville\/#breadcrumb\",\"itemListElement\":[{\"@type\":\"ListItem\",\"position\":1,\"name\":\"Home\",\"item\":\"https:\/\/www.maska.ca\/en\/\"},{\"@type\":\"ListItem\",\"position\":2,\"name\":\"MASKA officialy inaugurates its 12\u1d57\u02b0 branch in Central Quebec\"}]},{\"@type\":\"WebSite\",\"@id\":\"https:\/\/maska.tempurl.host\/#website\",\"url\":\"https:\/\/maska.tempurl.host\/\",\"name\":\"Maska\",\"description\":\"\",\"publisher\":{\"@id\":\"https:\/\/maska.tempurl.host\/#organization\"},\"potentialAction\":[{\"@type\":\"SearchAction\",\"target\":{\"@type\":\"EntryPoint\",\"urlTemplate\":\"https:\/\/maska.tempurl.host\/?s={search_term_string}\"},\"query-input\":{\"@type\":\"PropertyValueSpecification\",\"valueRequired\":true,\"valueName\":\"search_term_string\"}}],\"inLanguage\":\"en-US\"},{\"@type\":\"Organization\",\"@id\":\"https:\/\/maska.tempurl.host\/#organization\",\"name\":\"Maska\",\"url\":\"https:\/\/maska.tempurl.host\/\",\"logo\":{\"@type\":\"ImageObject\",\"inLanguage\":\"en-US\",\"@id\":\"https:\/\/maska.tempurl.host\/#\/schema\/logo\/image\/\",\"url\":\"https:\/\/www.maska.ca\/wp-content\/uploads\/2025\/12\/image_partage_maska.png\",\"contentUrl\":\"https:\/\/www.maska.ca\/wp-content\/uploads\/2025\/12\/image_partage_maska.png\",\"width\":1200,\"height\":628,\"caption\":\"Maska\"},\"image\":{\"@id\":\"https:\/\/maska.tempurl.host\/#\/schema\/logo\/image\/\"}},{\"@type\":\"Person\",\"@id\":\"https:\/\/maska.tempurl.host\/#\/schema\/person\/1873e112b5940954bc45683160bb23d5\",\"name\":\"caroline.plante@maska.ca\",\"image\":{\"@type\":\"ImageObject\",\"inLanguage\":\"en-US\",\"@id\":\"https:\/\/secure.gravatar.com\/avatar\/453fa7431bdd6a2ce0c08730020d06cf0b6a2f94e118825e1e2a2a581ff8a404?s=96&d=mm&r=g\",\"url\":\"https:\/\/secure.gravatar.com\/avatar\/453fa7431bdd6a2ce0c08730020d06cf0b6a2f94e118825e1e2a2a581ff8a404?s=96&d=mm&r=g\",\"contentUrl\":\"https:\/\/secure.gravatar.com\/avatar\/453fa7431bdd6a2ce0c08730020d06cf0b6a2f94e118825e1e2a2a581ff8a404?s=96&d=mm&r=g\",\"caption\":\"caroline.plante@maska.ca\"}}]}<\/script>\n<!-- \/ Yoast SEO plugin. -->","yoast_head_json":{"title":"MASKA Opens a New TRP Branch in Central Quebec","description":"MASKA unveils its new TRP branch in Saint-Germain-de-Grantham, enhancing service and proximity for customers across Central Quebec.","robots":{"index":"index","follow":"follow","max-snippet":"max-snippet:-1","max-image-preview":"max-image-preview:large","max-video-preview":"max-video-preview:-1"},"canonical":"https:\/\/www.maska.ca\/en\/maska-opens-a-new-trp-branch-in-drummondville\/","og_locale":"en_US","og_type":"article","og_title":"MASKA Opens a New TRP Branch in Central Quebec","og_description":"MASKA unveils its new TRP branch in Saint-Germain-de-Grantham, enhancing service and proximity for customers across Central Quebec.","og_url":"https:\/\/www.maska.ca\/en\/maska-opens-a-new-trp-branch-in-drummondville\/","og_site_name":"Maska","article_published_time":"2025-10-23T19:10:00+00:00","article_modified_time":"2026-01-26T22:05:18+00:00","og_image":[{"width":1024,"height":683,"url":"https:\/\/www.maska.ca\/wp-content\/uploads\/2025\/12\/TRP-Drummondville_Inauguration_PhotoEquipe-1024x683.jpg","type":"image\/jpeg"}],"author":"caroline.plante@maska.ca","twitter_card":"summary_large_image","twitter_misc":{"Written by":"caroline.plante@maska.ca","Est. reading time":"3 minutes"},"schema":{"@context":"https:\/\/schema.org","@graph":[{"@type":"Article","@id":"https:\/\/www.maska.ca\/en\/maska-opens-a-new-trp-branch-in-drummondville\/#article","isPartOf":{"@id":"https:\/\/www.maska.ca\/en\/maska-opens-a-new-trp-branch-in-drummondville\/"},"author":{"name":"caroline.plante@maska.ca","@id":"https:\/\/maska.tempurl.host\/#\/schema\/person\/1873e112b5940954bc45683160bb23d5"},"headline":"MASKA officialy inaugurates its 12\u1d57\u02b0 branch in Central Quebec","datePublished":"2025-10-23T19:10:00+00:00","dateModified":"2026-01-26T22:05:18+00:00","mainEntityOfPage":{"@id":"https:\/\/www.maska.ca\/en\/maska-opens-a-new-trp-branch-in-drummondville\/"},"wordCount":550,"publisher":{"@id":"https:\/\/maska.tempurl.host\/#organization"},"image":{"@id":"https:\/\/www.maska.ca\/en\/maska-opens-a-new-trp-branch-in-drummondville\/#primaryimage"},"thumbnailUrl":"https:\/\/www.maska.ca\/wp-content\/uploads\/2025\/12\/TRP-Drummondville_Inauguration_PhotoEquipe.jpg","articleSection":["Non cat\u00e9goris\u00e9"],"inLanguage":"en-US"},{"@type":"WebPage","@id":"https:\/\/www.maska.ca\/en\/maska-opens-a-new-trp-branch-in-drummondville\/","url":"https:\/\/www.maska.ca\/en\/maska-opens-a-new-trp-branch-in-drummondville\/","name":"MASKA Opens a New TRP Branch in Central Quebec","isPartOf":{"@id":"https:\/\/maska.tempurl.host\/#website"},"primaryImageOfPage":{"@id":"https:\/\/www.maska.ca\/en\/maska-opens-a-new-trp-branch-in-drummondville\/#primaryimage"},"image":{"@id":"https:\/\/www.maska.ca\/en\/maska-opens-a-new-trp-branch-in-drummondville\/#primaryimage"},"thumbnailUrl":"https:\/\/www.maska.ca\/wp-content\/uploads\/2025\/12\/TRP-Drummondville_Inauguration_PhotoEquipe.jpg","datePublished":"2025-10-23T19:10:00+00:00","dateModified":"2026-01-26T22:05:18+00:00","description":"MASKA unveils its new TRP branch in Saint-Germain-de-Grantham, enhancing service and proximity for customers across Central Quebec.","breadcrumb":{"@id":"https:\/\/www.maska.ca\/en\/maska-opens-a-new-trp-branch-in-drummondville\/#breadcrumb"},"inLanguage":"en-US","potentialAction":[{"@type":"ReadAction","target":["https:\/\/www.maska.ca\/en\/maska-opens-a-new-trp-branch-in-drummondville\/"]}]},{"@type":"ImageObject","inLanguage":"en-US","@id":"https:\/\/www.maska.ca\/en\/maska-opens-a-new-trp-branch-in-drummondville\/#primaryimage","url":"https:\/\/www.maska.ca\/wp-content\/uploads\/2025\/12\/TRP-Drummondville_Inauguration_PhotoEquipe.jpg","contentUrl":"https:\/\/www.maska.ca\/wp-content\/uploads\/2025\/12\/TRP-Drummondville_Inauguration_PhotoEquipe.jpg","width":9504,"height":6336,"caption":"Photo \u00e9quipe Maska"},{"@type":"BreadcrumbList","@id":"https:\/\/www.maska.ca\/en\/maska-opens-a-new-trp-branch-in-drummondville\/#breadcrumb","itemListElement":[{"@type":"ListItem","position":1,"name":"Home","item":"https:\/\/www.maska.ca\/en\/"},{"@type":"ListItem","position":2,"name":"MASKA officialy inaugurates its 12\u1d57\u02b0 branch in Central Quebec"}]},{"@type":"WebSite","@id":"https:\/\/maska.tempurl.host\/#website","url":"https:\/\/maska.tempurl.host\/","name":"Maska","description":"","publisher":{"@id":"https:\/\/maska.tempurl.host\/#organization"},"potentialAction":[{"@type":"SearchAction","target":{"@type":"EntryPoint","urlTemplate":"https:\/\/maska.tempurl.host\/?s={search_term_string}"},"query-input":{"@type":"PropertyValueSpecification","valueRequired":true,"valueName":"search_term_string"}}],"inLanguage":"en-US"},{"@type":"Organization","@id":"https:\/\/maska.tempurl.host\/#organization","name":"Maska","url":"https:\/\/maska.tempurl.host\/","logo":{"@type":"ImageObject","inLanguage":"en-US","@id":"https:\/\/maska.tempurl.host\/#\/schema\/logo\/image\/","url":"https:\/\/www.maska.ca\/wp-content\/uploads\/2025\/12\/image_partage_maska.png","contentUrl":"https:\/\/www.maska.ca\/wp-content\/uploads\/2025\/12\/image_partage_maska.png","width":1200,"height":628,"caption":"Maska"},"image":{"@id":"https:\/\/maska.tempurl.host\/#\/schema\/logo\/image\/"}},{"@type":"Person","@id":"https:\/\/maska.tempurl.host\/#\/schema\/person\/1873e112b5940954bc45683160bb23d5","name":"caroline.plante@maska.ca","image":{"@type":"ImageObject","inLanguage":"en-US","@id":"https:\/\/secure.gravatar.com\/avatar\/453fa7431bdd6a2ce0c08730020d06cf0b6a2f94e118825e1e2a2a581ff8a404?s=96&d=mm&r=g","url":"https:\/\/secure.gravatar.com\/avatar\/453fa7431bdd6a2ce0c08730020d06cf0b6a2f94e118825e1e2a2a581ff8a404?s=96&d=mm&r=g","contentUrl":"https:\/\/secure.gravatar.com\/avatar\/453fa7431bdd6a2ce0c08730020d06cf0b6a2f94e118825e1e2a2a581ff8a404?s=96&d=mm&r=g","caption":"caroline.plante@maska.ca"}}]}},"_links":{"self":[{"href":"https:\/\/www.maska.ca\/en\/wp-json\/wp\/v2\/posts\/7647","targetHints":{"allow":["GET"]}}],"collection":[{"href":"https:\/\/www.maska.ca\/en\/wp-json\/wp\/v2\/posts"}],"about":[{"href":"https:\/\/www.maska.ca\/en\/wp-json\/wp\/v2\/types\/post"}],"author":[{"embeddable":true,"href":"https:\/\/www.maska.ca\/en\/wp-json\/wp\/v2\/users\/2"}],"replies":[{"embeddable":true,"href":"https:\/\/www.maska.ca\/en\/wp-json\/wp\/v2\/comments?post=7647"}],"version-history":[{"count":0,"href":"https:\/\/www.maska.ca\/en\/wp-json\/wp\/v2\/posts\/7647\/revisions"}],"wp:featuredmedia":[{"embeddable":true,"href":"https:\/\/www.maska.ca\/en\/wp-json\/wp\/v2\/media\/7173"}],"wp:attachment":[{"href":"https:\/\/www.maska.ca\/en\/wp-json\/wp\/v2\/media?parent=7647"}],"wp:term":[{"taxonomy":"category","embeddable":true,"href":"https:\/\/www.maska.ca\/en\/wp-json\/wp\/v2\/categories?post=7647"},{"taxonomy":"post_tag","embeddable":true,"href":"https:\/\/www.maska.ca\/en\/wp-json\/wp\/v2\/tags?post=7647"},{"taxonomy":"type_post","embeddable":true,"href":"https:\/\/www.maska.ca\/en\/wp-json\/wp\/v2\/type_post?post=7647"},{"taxonomy":"sujet_post","embeddable":true,"href":"https:\/\/www.maska.ca\/en\/wp-json\/wp\/v2\/sujet_post?post=7647"}],"curies":[{"name":"wp","href":"https:\/\/api.w.org\/{rel}","templated":true}]}}